{"id":144,"date":"2026-03-13T01:40:11","date_gmt":"2026-03-13T04:40:11","guid":{"rendered":"https:\/\/labrocherianaperegrinacion.com\/web\/?p=144"},"modified":"2026-03-13T01:40:25","modified_gmt":"2026-03-13T04:40:25","slug":"villa-cura-brochero-vive-la-previa-de-la-peregrinacion-la-brocheriana-con-un-impresionante-operativo-organizativo","status":"publish","type":"post","link":"https:\/\/labrocherianaperegrinacion.com\/web\/villa-cura-brochero-vive-la-previa-de-la-peregrinacion-la-brocheriana-con-un-impresionante-operativo-organizativo\/","title":{"rendered":"Villa Cura Brochero vive la previa de la Peregrinaci\u00f3n La Brocheriana con un impresionante operativo organizativo"},"content":{"rendered":"\n<p>Villa Cura Brochero, C\u00f3rdoba. \u2014 En la jornada de hoy se lleva a cabo, en el predio ubicado junto al Polideportivo Municipal de Villa Cura Brochero, la acreditaci\u00f3n oficial de caminantes y cabalgantes que participar\u00e1n de la 30.\u00aa edici\u00f3n de la Peregrinaci\u00f3n La Brocheriana, una de las manifestaciones de fe m\u00e1s significativas de las sierras de C\u00f3rdoba.<\/p>\n\n\n\n<figure class=\"wp-block-image size-large\"><a href=\"https:\/\/labrocherianaperegrinacion.com\/web\/wp-content\/uploads\/2026\/03\/11-03-2026-Acreditacion-VC-Brochero-scaled.jpg\"><img loading=\"lazy\" decoding=\"async\" width=\"1024\" height=\"683\" src=\"https:\/\/labrocherianaperegrinacion.com\/web\/wp-content\/uploads\/2026\/03\/11-03-2026-Acreditacion-VC-Brochero-1024x683.jpg\" alt=\"\" class=\"wp-image-141\" srcset=\"https:\/\/labrocherianaperegrinacion.com\/web\/wp-content\/uploads\/2026\/03\/11-03-2026-Acreditacion-VC-Brochero-1024x683.jpg 1024w, https:\/\/labrocherianaperegrinacion.com\/web\/wp-content\/uploads\/2026\/03\/11-03-2026-Acreditacion-VC-Brochero-300x200.jpg 300w, https:\/\/labrocherianaperegrinacion.com\/web\/wp-content\/uploads\/2026\/03\/11-03-2026-Acreditacion-VC-Brochero-768x512.jpg 768w, https:\/\/labrocherianaperegrinacion.com\/web\/wp-content\/uploads\/2026\/03\/11-03-2026-Acreditacion-VC-Brochero-1536x1024.jpg 1536w, https:\/\/labrocherianaperegrinacion.com\/web\/wp-content\/uploads\/2026\/03\/11-03-2026-Acreditacion-VC-Brochero-2048x1365.jpg 2048w\" sizes=\"auto, (max-width: 1024px) 100vw, 1024px\" \/><\/a><\/figure>\n\n\n\n<figure class=\"wp-block-image size-large\"><a href=\"https:\/\/labrocherianaperegrinacion.com\/web\/wp-content\/uploads\/2026\/03\/11-03-2026-Acreditacion-VC-Brochero-1.jpg\"><img loading=\"lazy\" decoding=\"async\" width=\"1024\" height=\"683\" src=\"https:\/\/labrocherianaperegrinacion.com\/web\/wp-content\/uploads\/2026\/03\/11-03-2026-Acreditacion-VC-Brochero-1-1024x683.jpg\" alt=\"\" class=\"wp-image-140\" srcset=\"https:\/\/labrocherianaperegrinacion.com\/web\/wp-content\/uploads\/2026\/03\/11-03-2026-Acreditacion-VC-Brochero-1-1024x683.jpg 1024w, https:\/\/labrocherianaperegrinacion.com\/web\/wp-content\/uploads\/2026\/03\/11-03-2026-Acreditacion-VC-Brochero-1-300x200.jpg 300w, https:\/\/labrocherianaperegrinacion.com\/web\/wp-content\/uploads\/2026\/03\/11-03-2026-Acreditacion-VC-Brochero-1-768x512.jpg 768w, https:\/\/labrocherianaperegrinacion.com\/web\/wp-content\/uploads\/2026\/03\/11-03-2026-Acreditacion-VC-Brochero-1-1536x1024.jpg 1536w, https:\/\/labrocherianaperegrinacion.com\/web\/wp-content\/uploads\/2026\/03\/11-03-2026-Acreditacion-VC-Brochero-1-2048x1365.jpg 2048w\" sizes=\"auto, (max-width: 1024px) 100vw, 1024px\" \/><\/a><\/figure>\n\n\n\n<p>Desde temprano, el lugar se convirti\u00f3 en un punto de encuentro para cientos de peregrinos que llegan desde distintos puntos de la provincia y del pa\u00eds para comenzar esta traves\u00eda que sigue los hist\u00f3ricos caminos recorridos por San Jos\u00e9 Gabriel del Rosario Brochero, el querido Cura Gaucho.<\/p>\n\n\n\n<p>El movimiento en el predio refleja el impresionante despliegue log\u00edstico que lleva adelante la Asociaci\u00f3n Civil La Brocheriana para garantizar el desarrollo de la peregrinaci\u00f3n durante los pr\u00f3ximos cinco d\u00edas. Seg\u00fan informaron desde la organizaci\u00f3n, participan m\u00e1s de 700 peregrinos, entre caminantes y cabalgantes, acompa\u00f1ados por m\u00e1s de 300 caballos que ser\u00e1n parte del recorrido.<\/p>\n\n\n\n<p>A este importante n\u00famero de participantes se suma un equipo de m\u00e1s de 100 personas dedicadas a la log\u00edstica y organizaci\u00f3n, encargadas de coordinar cada detalle del operativo. Adem\u00e1s, el dispositivo cuenta con el acompa\u00f1amiento de personal de la Polic\u00eda, Bomberos y equipos de sanidad, quienes brindar\u00e1n asistencia y seguridad durante todo el trayecto de la peregrinaci\u00f3n.<\/p>\n\n\n\n<figure class=\"wp-block-image size-large\"><a href=\"https:\/\/labrocherianaperegrinacion.com\/web\/wp-content\/uploads\/2026\/03\/11-03-2026-Acreditacion-VC-Brochero-2-scaled.jpg\"><img loading=\"lazy\" decoding=\"async\" width=\"1024\" height=\"683\" src=\"https:\/\/labrocherianaperegrinacion.com\/web\/wp-content\/uploads\/2026\/03\/11-03-2026-Acreditacion-VC-Brochero-2-1024x683.jpg\" alt=\"\" class=\"wp-image-139\" srcset=\"https:\/\/labrocherianaperegrinacion.com\/web\/wp-content\/uploads\/2026\/03\/11-03-2026-Acreditacion-VC-Brochero-2-1024x683.jpg 1024w, https:\/\/labrocherianaperegrinacion.com\/web\/wp-content\/uploads\/2026\/03\/11-03-2026-Acreditacion-VC-Brochero-2-300x200.jpg 300w, https:\/\/labrocherianaperegrinacion.com\/web\/wp-content\/uploads\/2026\/03\/11-03-2026-Acreditacion-VC-Brochero-2-768x512.jpg 768w, https:\/\/labrocherianaperegrinacion.com\/web\/wp-content\/uploads\/2026\/03\/11-03-2026-Acreditacion-VC-Brochero-2-1536x1024.jpg 1536w, https:\/\/labrocherianaperegrinacion.com\/web\/wp-content\/uploads\/2026\/03\/11-03-2026-Acreditacion-VC-Brochero-2-2048x1365.jpg 2048w\" sizes=\"auto, (max-width: 1024px) 100vw, 1024px\" \/><\/a><\/figure>\n\n\n\n<figure class=\"wp-block-image size-large\"><a href=\"https:\/\/labrocherianaperegrinacion.com\/web\/wp-content\/uploads\/2026\/03\/11-03-2026-Acreditacion-VC-Brochero-8.jpg\"><img loading=\"lazy\" decoding=\"async\" width=\"1024\" height=\"683\" src=\"https:\/\/labrocherianaperegrinacion.com\/web\/wp-content\/uploads\/2026\/03\/11-03-2026-Acreditacion-VC-Brochero-8-1024x683.jpg\" alt=\"\" class=\"wp-image-136\" srcset=\"https:\/\/labrocherianaperegrinacion.com\/web\/wp-content\/uploads\/2026\/03\/11-03-2026-Acreditacion-VC-Brochero-8-1024x683.jpg 1024w, https:\/\/labrocherianaperegrinacion.com\/web\/wp-content\/uploads\/2026\/03\/11-03-2026-Acreditacion-VC-Brochero-8-300x200.jpg 300w, https:\/\/labrocherianaperegrinacion.com\/web\/wp-content\/uploads\/2026\/03\/11-03-2026-Acreditacion-VC-Brochero-8-768x512.jpg 768w, https:\/\/labrocherianaperegrinacion.com\/web\/wp-content\/uploads\/2026\/03\/11-03-2026-Acreditacion-VC-Brochero-8-1536x1024.jpg 1536w, https:\/\/labrocherianaperegrinacion.com\/web\/wp-content\/uploads\/2026\/03\/11-03-2026-Acreditacion-VC-Brochero-8-2048x1365.jpg 2048w\" sizes=\"auto, (max-width: 1024px) 100vw, 1024px\" \/><\/a><\/figure>\n\n\n\n<figure class=\"wp-block-image size-large\"><a href=\"https:\/\/labrocherianaperegrinacion.com\/web\/wp-content\/uploads\/2026\/03\/11-03-2026-Acreditacion-VC-Brochero-14.jpg\"><img loading=\"lazy\" decoding=\"async\" width=\"1024\" height=\"683\" src=\"https:\/\/labrocherianaperegrinacion.com\/web\/wp-content\/uploads\/2026\/03\/11-03-2026-Acreditacion-VC-Brochero-14-1024x683.jpg\" alt=\"\" class=\"wp-image-143\" srcset=\"https:\/\/labrocherianaperegrinacion.com\/web\/wp-content\/uploads\/2026\/03\/11-03-2026-Acreditacion-VC-Brochero-14-1024x683.jpg 1024w, https:\/\/labrocherianaperegrinacion.com\/web\/wp-content\/uploads\/2026\/03\/11-03-2026-Acreditacion-VC-Brochero-14-300x200.jpg 300w, https:\/\/labrocherianaperegrinacion.com\/web\/wp-content\/uploads\/2026\/03\/11-03-2026-Acreditacion-VC-Brochero-14-768x512.jpg 768w, https:\/\/labrocherianaperegrinacion.com\/web\/wp-content\/uploads\/2026\/03\/11-03-2026-Acreditacion-VC-Brochero-14-1536x1024.jpg 1536w, https:\/\/labrocherianaperegrinacion.com\/web\/wp-content\/uploads\/2026\/03\/11-03-2026-Acreditacion-VC-Brochero-14-2048x1365.jpg 2048w\" sizes=\"auto, (max-width: 1024px) 100vw, 1024px\" \/><\/a><\/figure>\n\n\n\n<p>En el lugar tambi\u00e9n se ultiman los preparativos vinculados al traslado de equipajes, organizaci\u00f3n de las caravanas, control sanitario de los animales y coordinaci\u00f3n de los distintos equipos que acompa\u00f1ar\u00e1n a los peregrinos en cada jornada.<\/p>\n\n\n\n<p>La escena refleja un verdadero clima de fiesta y fraternidad, donde la fe, la tradici\u00f3n y el esp\u00edritu comunitario se hacen presentes en cada rinc\u00f3n del predio. Familias, amigos y peregrinos comparten las horas previas al inicio del camino con emoci\u00f3n y expectativa, prepar\u00e1ndose para vivir una experiencia \u00fanica siguiendo las huellas del Santo Cura Brochero.<\/p>\n\n\n\n<figure class=\"wp-block-image size-large\"><a href=\"https:\/\/labrocherianaperegrinacion.com\/web\/wp-content\/uploads\/2026\/03\/11-03-2026-Acreditacion-VC-Brochero-4-scaled.jpg\"><img loading=\"lazy\" decoding=\"async\" width=\"1024\" height=\"683\" src=\"https:\/\/labrocherianaperegrinacion.com\/web\/wp-content\/uploads\/2026\/03\/11-03-2026-Acreditacion-VC-Brochero-4-1024x683.jpg\" alt=\"\" class=\"wp-image-142\" srcset=\"https:\/\/labrocherianaperegrinacion.com\/web\/wp-content\/uploads\/2026\/03\/11-03-2026-Acreditacion-VC-Brochero-4-1024x683.jpg 1024w, https:\/\/labrocherianaperegrinacion.com\/web\/wp-content\/uploads\/2026\/03\/11-03-2026-Acreditacion-VC-Brochero-4-300x200.jpg 300w, https:\/\/labrocherianaperegrinacion.com\/web\/wp-content\/uploads\/2026\/03\/11-03-2026-Acreditacion-VC-Brochero-4-768x512.jpg 768w, https:\/\/labrocherianaperegrinacion.com\/web\/wp-content\/uploads\/2026\/03\/11-03-2026-Acreditacion-VC-Brochero-4-1536x1024.jpg 1536w, https:\/\/labrocherianaperegrinacion.com\/web\/wp-content\/uploads\/2026\/03\/11-03-2026-Acreditacion-VC-Brochero-4-2048x1365.jpg 2048w\" sizes=\"auto, (max-width: 1024px) 100vw, 1024px\" \/><\/a><\/figure>\n\n\n\n<figure class=\"wp-block-image size-large\"><a href=\"https:\/\/labrocherianaperegrinacion.com\/web\/wp-content\/uploads\/2026\/03\/11-03-2026-Acreditacion-VC-Brochero-11.jpg\"><img loading=\"lazy\" decoding=\"async\" width=\"1024\" height=\"683\" src=\"https:\/\/labrocherianaperegrinacion.com\/web\/wp-content\/uploads\/2026\/03\/11-03-2026-Acreditacion-VC-Brochero-11-1024x683.jpg\" alt=\"\" class=\"wp-image-135\" srcset=\"https:\/\/labrocherianaperegrinacion.com\/web\/wp-content\/uploads\/2026\/03\/11-03-2026-Acreditacion-VC-Brochero-11-1024x683.jpg 1024w, https:\/\/labrocherianaperegrinacion.com\/web\/wp-content\/uploads\/2026\/03\/11-03-2026-Acreditacion-VC-Brochero-11-300x200.jpg 300w, https:\/\/labrocherianaperegrinacion.com\/web\/wp-content\/uploads\/2026\/03\/11-03-2026-Acreditacion-VC-Brochero-11-768x512.jpg 768w, https:\/\/labrocherianaperegrinacion.com\/web\/wp-content\/uploads\/2026\/03\/11-03-2026-Acreditacion-VC-Brochero-11-1536x1024.jpg 1536w, https:\/\/labrocherianaperegrinacion.com\/web\/wp-content\/uploads\/2026\/03\/11-03-2026-Acreditacion-VC-Brochero-11-2048x1365.jpg 2048w\" sizes=\"auto, (max-width: 1024px) 100vw, 1024px\" \/><\/a><\/figure>\n\n\n\n<p>La Peregrinaci\u00f3n La Brocheriana, que este a\u00f1o celebra su edici\u00f3n n\u00famero 30, se consolida as\u00ed como una de las expresiones religiosas y culturales m\u00e1s importantes de la regi\u00f3n, manteniendo vivo el legado del Cura Gaucho y convocando cada a\u00f1o a m\u00e1s personas a caminar los caminos de la fe.<\/p>\n","protected":false},"excerpt":{"rendered":"<p>Villa Cura Brochero, C\u00f3rdoba. \u2014 En la jornada de hoy se lleva a cabo, en el predio ubicado junto al Polideportivo Municipal de Villa Cura Brochero, la acreditaci\u00f3n oficial de caminantes y cabalgantes que participar\u00e1n de la 30.\u00aa edici\u00f3n de la Peregrinaci\u00f3n La Brocheriana, una de las manifestaciones de fe m\u00e1s significativas de las sierras [&hellip;]<\/p>\n","protected":false},"author":2,"featured_media":137,"comment_status":"open","ping_status":"open","sticky":false,"template":"","format":"standard","meta":{"footnotes":""},"categories":[2],"tags":[],"class_list":["post-144","post","type-post","status-publish","format-standard","has-post-thumbnail","hentry","category-la-brocheriana-n30-2026"],"_links":{"self":[{"href":"https:\/\/labrocherianaperegrinacion.com\/web\/wp-json\/wp\/v2\/posts\/144","targetHints":{"allow":["GET"]}}],"collection":[{"href":"https:\/\/labrocherianaperegrinacion.com\/web\/wp-json\/wp\/v2\/posts"}],"about":[{"href":"https:\/\/labrocherianaperegrinacion.com\/web\/wp-json\/wp\/v2\/types\/post"}],"author":[{"embeddable":true,"href":"https:\/\/labrocherianaperegrinacion.com\/web\/wp-json\/wp\/v2\/users\/2"}],"replies":[{"embeddable":true,"href":"https:\/\/labrocherianaperegrinacion.com\/web\/wp-json\/wp\/v2\/comments?post=144"}],"version-history":[{"count":1,"href":"https:\/\/labrocherianaperegrinacion.com\/web\/wp-json\/wp\/v2\/posts\/144\/revisions"}],"predecessor-version":[{"id":145,"href":"https:\/\/labrocherianaperegrinacion.com\/web\/wp-json\/wp\/v2\/posts\/144\/revisions\/145"}],"wp:featuredmedia":[{"embeddable":true,"href":"https:\/\/labrocherianaperegrinacion.com\/web\/wp-json\/wp\/v2\/media\/137"}],"wp:attachment":[{"href":"https:\/\/labrocherianaperegrinacion.com\/web\/wp-json\/wp\/v2\/media?parent=144"}],"wp:term":[{"taxonomy":"category","embeddable":true,"href":"https:\/\/labrocherianaperegrinacion.com\/web\/wp-json\/wp\/v2\/categories?post=144"},{"taxonomy":"post_tag","embeddable":true,"href":"https:\/\/labrocherianaperegrinacion.com\/web\/wp-json\/wp\/v2\/tags?post=144"}],"curies":[{"name":"wp","href":"https:\/\/api.w.org\/{rel}","templated":true}]}}