{"id":148,"date":"2026-03-13T02:08:35","date_gmt":"2026-03-13T05:08:35","guid":{"rendered":"https:\/\/labrocherianaperegrinacion.com\/web\/?p=148"},"modified":"2026-03-13T02:08:35","modified_gmt":"2026-03-13T05:08:35","slug":"alta-gracia-dio-inicio-a-la-30a-edicion-de-la-brocheriana","status":"publish","type":"post","link":"https:\/\/labrocherianaperegrinacion.com\/web\/alta-gracia-dio-inicio-a-la-30a-edicion-de-la-brocheriana\/","title":{"rendered":"Alta Gracia dio inicio a la 30\u00aa edici\u00f3n de La Brocheriana"},"content":{"rendered":"\n<p><strong>Fe, tradici\u00f3n y comunidad en los caminos del Cura Gaucho<\/strong><\/p>\n\n\n\n<p>La ciudad de <strong>Alta Gracia<\/strong> fue escenario del inicio de una nueva edici\u00f3n de <strong>La Brocheriana 2026<\/strong>, una de las peregrinaciones m\u00e1s significativas de la provincia de C\u00f3rdoba. Cientos de fieles se congregaron para dar comienzo a esta traves\u00eda espiritual que recrea los caminos que recorr\u00eda <strong>San Jos\u00e9 Gabriel del Rosario Brochero<\/strong>, el querido Cura Gaucho.<\/p>\n\n\n\n<p>El acto de apertura se realiz\u00f3 en el predio <strong>El Tuscal<\/strong>, donde autoridades, peregrinos y vecinos participaron de una ceremonia que marc\u00f3 el inicio del camino hacia <strong>Villa Cura Brochero<\/strong>, destino final de la peregrinaci\u00f3n.<\/p>\n\n\n\n<figure class=\"wp-block-image size-large\"><a href=\"https:\/\/labrocherianaperegrinacion.com\/web\/wp-content\/uploads\/2026\/03\/HJL0014.JPG-scaled.jpeg\"><img loading=\"lazy\" decoding=\"async\" width=\"1024\" height=\"683\" src=\"https:\/\/labrocherianaperegrinacion.com\/web\/wp-content\/uploads\/2026\/03\/HJL0014.JPG-1024x683.jpeg\" alt=\"\" class=\"wp-image-149\" srcset=\"https:\/\/labrocherianaperegrinacion.com\/web\/wp-content\/uploads\/2026\/03\/HJL0014.JPG-1024x683.jpeg 1024w, https:\/\/labrocherianaperegrinacion.com\/web\/wp-content\/uploads\/2026\/03\/HJL0014.JPG-300x200.jpeg 300w, https:\/\/labrocherianaperegrinacion.com\/web\/wp-content\/uploads\/2026\/03\/HJL0014.JPG-768x512.jpeg 768w, https:\/\/labrocherianaperegrinacion.com\/web\/wp-content\/uploads\/2026\/03\/HJL0014.JPG-1536x1024.jpeg 1536w, https:\/\/labrocherianaperegrinacion.com\/web\/wp-content\/uploads\/2026\/03\/HJL0014.JPG-2048x1365.jpeg 2048w\" sizes=\"auto, (max-width: 1024px) 100vw, 1024px\" \/><\/a><\/figure>\n\n\n\n<figure class=\"wp-block-image size-large\"><a href=\"https:\/\/labrocherianaperegrinacion.com\/web\/wp-content\/uploads\/2026\/03\/HJL0037.JPG-scaled.jpeg\"><img loading=\"lazy\" decoding=\"async\" width=\"1024\" height=\"683\" src=\"https:\/\/labrocherianaperegrinacion.com\/web\/wp-content\/uploads\/2026\/03\/HJL0037.JPG-1024x683.jpeg\" alt=\"\" class=\"wp-image-153\" srcset=\"https:\/\/labrocherianaperegrinacion.com\/web\/wp-content\/uploads\/2026\/03\/HJL0037.JPG-1024x683.jpeg 1024w, https:\/\/labrocherianaperegrinacion.com\/web\/wp-content\/uploads\/2026\/03\/HJL0037.JPG-300x200.jpeg 300w, https:\/\/labrocherianaperegrinacion.com\/web\/wp-content\/uploads\/2026\/03\/HJL0037.JPG-768x512.jpeg 768w, https:\/\/labrocherianaperegrinacion.com\/web\/wp-content\/uploads\/2026\/03\/HJL0037.JPG-1536x1024.jpeg 1536w, https:\/\/labrocherianaperegrinacion.com\/web\/wp-content\/uploads\/2026\/03\/HJL0037.JPG-2048x1365.jpeg 2048w\" sizes=\"auto, (max-width: 1024px) 100vw, 1024px\" \/><\/a><\/figure>\n\n\n\n<h2 class=\"wp-block-heading\">Una peregrinaci\u00f3n que convoca multitudes<\/h2>\n\n\n\n<p>La Brocheriana re\u00fane cada a\u00f1o a caminantes, cabalgantes y ciclistas que se animan a recorrer los senderos serranos siguiendo el ejemplo del santo cordob\u00e9s. En esta edici\u00f3n, cerca de <strong>800 personas<\/strong> partieron desde Alta Gracia para emprender el recorrido por postas hist\u00f3ricas y paisajes de las sierras, en una experiencia que combina fe, naturaleza y encuentro comunitario.<\/p>\n\n\n\n<p>Durante varios d\u00edas, los peregrinos atravesar\u00e1n caminos rurales y parajes serranos recordando la obra del sacerdote que, en el siglo XIX, recorr\u00eda estas tierras para asistir espiritualmente y socialmente a las comunidades del oeste cordob\u00e9s.<\/p>\n\n\n\n<figure class=\"wp-block-image size-large\"><a href=\"https:\/\/labrocherianaperegrinacion.com\/web\/wp-content\/uploads\/2026\/03\/HJL0293.JPG-scaled.jpeg\"><img loading=\"lazy\" decoding=\"async\" width=\"1024\" height=\"683\" src=\"https:\/\/labrocherianaperegrinacion.com\/web\/wp-content\/uploads\/2026\/03\/HJL0293.JPG-1024x683.jpeg\" alt=\"\" class=\"wp-image-156\" srcset=\"https:\/\/labrocherianaperegrinacion.com\/web\/wp-content\/uploads\/2026\/03\/HJL0293.JPG-1024x683.jpeg 1024w, https:\/\/labrocherianaperegrinacion.com\/web\/wp-content\/uploads\/2026\/03\/HJL0293.JPG-300x200.jpeg 300w, https:\/\/labrocherianaperegrinacion.com\/web\/wp-content\/uploads\/2026\/03\/HJL0293.JPG-768x512.jpeg 768w, https:\/\/labrocherianaperegrinacion.com\/web\/wp-content\/uploads\/2026\/03\/HJL0293.JPG-1536x1024.jpeg 1536w, https:\/\/labrocherianaperegrinacion.com\/web\/wp-content\/uploads\/2026\/03\/HJL0293.JPG-2048x1365.jpeg 2048w\" sizes=\"auto, (max-width: 1024px) 100vw, 1024px\" \/><\/a><\/figure>\n\n\n\n<h2 class=\"wp-block-heading\">Un camino de fe y de identidad<\/h2>\n\n\n\n<p>M\u00e1s que una simple traves\u00eda, La Brocheriana se ha convertido en una manifestaci\u00f3n cultural y espiritual profundamente arraigada en C\u00f3rdoba. La peregrinaci\u00f3n recrea el esp\u00edritu misionero del Cura Brochero y convoca a personas de distintos lugares que buscan vivir una experiencia de fe, introspecci\u00f3n y fraternidad.<\/p>\n\n\n\n<p>El recorrido se desarrolla entre el <strong>11 y el 15 de marzo<\/strong>, culminando con la llegada a Villa Cura Brochero en el marco de las celebraciones religiosas en honor al santo argentino, cuya figura contin\u00faa inspirando a miles de devotos.<\/p>\n\n\n\n<figure class=\"wp-block-image size-large\"><a href=\"https:\/\/labrocherianaperegrinacion.com\/web\/wp-content\/uploads\/2026\/03\/HJL0096.JPG-scaled.jpeg\"><img loading=\"lazy\" decoding=\"async\" width=\"1024\" height=\"683\" src=\"https:\/\/labrocherianaperegrinacion.com\/web\/wp-content\/uploads\/2026\/03\/HJL0096.JPG-1024x683.jpeg\" alt=\"\" class=\"wp-image-158\" srcset=\"https:\/\/labrocherianaperegrinacion.com\/web\/wp-content\/uploads\/2026\/03\/HJL0096.JPG-1024x683.jpeg 1024w, https:\/\/labrocherianaperegrinacion.com\/web\/wp-content\/uploads\/2026\/03\/HJL0096.JPG-300x200.jpeg 300w, https:\/\/labrocherianaperegrinacion.com\/web\/wp-content\/uploads\/2026\/03\/HJL0096.JPG-768x512.jpeg 768w, https:\/\/labrocherianaperegrinacion.com\/web\/wp-content\/uploads\/2026\/03\/HJL0096.JPG-1536x1024.jpeg 1536w, https:\/\/labrocherianaperegrinacion.com\/web\/wp-content\/uploads\/2026\/03\/HJL0096.JPG-2048x1365.jpeg 2048w\" sizes=\"auto, (max-width: 1024px) 100vw, 1024px\" \/><\/a><\/figure>\n\n\n\n<h2 class=\"wp-block-heading\">Un evento que une fe, cultura y turismo<\/h2>\n\n\n\n<p>La peregrinaci\u00f3n tambi\u00e9n tiene un fuerte impacto en las comunidades por donde pasa, generando movimiento tur\u00edstico y fortaleciendo la identidad regional. Las localidades serranas se convierten en puntos de encuentro donde vecinos, instituciones y autoridades acompa\u00f1an el paso de los peregrinos.<\/p>\n\n\n\n<p>As\u00ed, una vez m\u00e1s, los caminos de las sierras cordobesas vuelven a llenarse de huellas, oraciones y encuentros. Porque cada paso de La Brocheriana recuerda el legado del Cura Gaucho y mantiene viva una tradici\u00f3n que une <strong>fe, historia y comunidad<\/strong>.<\/p>\n\n\n\n<p><strong>\u00a1Brochero va!<\/strong> \ud83d\ude4c\ud83c\udffc\ud83d\ude4f<\/p>\n","protected":false},"excerpt":{"rendered":"<p>Fe, tradici\u00f3n y comunidad en los caminos del Cura Gaucho La ciudad de Alta Gracia fue escenario del inicio de una nueva edici\u00f3n de La Brocheriana 2026, una de las peregrinaciones m\u00e1s significativas de la provincia de C\u00f3rdoba. Cientos de fieles se congregaron para dar comienzo a esta traves\u00eda espiritual que recrea los caminos que [&hellip;]<\/p>\n","protected":false},"author":2,"featured_media":152,"comment_status":"open","ping_status":"open","sticky":false,"template":"","format":"standard","meta":{"footnotes":""},"categories":[2],"tags":[],"class_list":["post-148","post","type-post","status-publish","format-standard","has-post-thumbnail","hentry","category-la-brocheriana-n30-2026"],"_links":{"self":[{"href":"https:\/\/labrocherianaperegrinacion.com\/web\/wp-json\/wp\/v2\/posts\/148","targetHints":{"allow":["GET"]}}],"collection":[{"href":"https:\/\/labrocherianaperegrinacion.com\/web\/wp-json\/wp\/v2\/posts"}],"about":[{"href":"https:\/\/labrocherianaperegrinacion.com\/web\/wp-json\/wp\/v2\/types\/post"}],"author":[{"embeddable":true,"href":"https:\/\/labrocherianaperegrinacion.com\/web\/wp-json\/wp\/v2\/users\/2"}],"replies":[{"embeddable":true,"href":"https:\/\/labrocherianaperegrinacion.com\/web\/wp-json\/wp\/v2\/comments?post=148"}],"version-history":[{"count":1,"href":"https:\/\/labrocherianaperegrinacion.com\/web\/wp-json\/wp\/v2\/posts\/148\/revisions"}],"predecessor-version":[{"id":160,"href":"https:\/\/labrocherianaperegrinacion.com\/web\/wp-json\/wp\/v2\/posts\/148\/revisions\/160"}],"wp:featuredmedia":[{"embeddable":true,"href":"https:\/\/labrocherianaperegrinacion.com\/web\/wp-json\/wp\/v2\/media\/152"}],"wp:attachment":[{"href":"https:\/\/labrocherianaperegrinacion.com\/web\/wp-json\/wp\/v2\/media?parent=148"}],"wp:term":[{"taxonomy":"category","embeddable":true,"href":"https:\/\/labrocherianaperegrinacion.com\/web\/wp-json\/wp\/v2\/categories?post=148"},{"taxonomy":"post_tag","embeddable":true,"href":"https:\/\/labrocherianaperegrinacion.com\/web\/wp-json\/wp\/v2\/tags?post=148"}],"curies":[{"name":"wp","href":"https:\/\/api.w.org\/{rel}","templated":true}]}}