{"id":161,"date":"2026-03-13T10:20:55","date_gmt":"2026-03-13T13:20:55","guid":{"rendered":"https:\/\/labrocherianaperegrinacion.com\/web\/?p=161"},"modified":"2026-03-13T10:21:24","modified_gmt":"2026-03-13T13:21:24","slug":"el-equipo-silencioso-que-hace-posible-la-brocheriana","status":"publish","type":"post","link":"https:\/\/labrocherianaperegrinacion.com\/web\/el-equipo-silencioso-que-hace-posible-la-brocheriana\/","title":{"rendered":"El equipo silencioso que hace posible La Brocheriana"},"content":{"rendered":"\n<p>Detr\u00e1s de cada paso de los peregrinos que recorren los caminos del <strong>Santo Cura Brochero<\/strong>, hay un gran equipo humano que trabaja con dedicaci\u00f3n y compromiso para que la experiencia de <strong>La Brocheriana<\/strong> se desarrolle de manera segura, organizada y fraterna.<\/p>\n\n\n\n<figure class=\"wp-block-image size-large\"><a href=\"https:\/\/labrocherianaperegrinacion.com\/web\/wp-content\/uploads\/2026\/03\/11-03-2026-Acreditacion-VC-Brochero-2-scaled.jpg\"><img loading=\"lazy\" decoding=\"async\" width=\"1024\" height=\"683\" src=\"https:\/\/labrocherianaperegrinacion.com\/web\/wp-content\/uploads\/2026\/03\/11-03-2026-Acreditacion-VC-Brochero-2-1024x683.jpg\" alt=\"\" class=\"wp-image-139\" srcset=\"https:\/\/labrocherianaperegrinacion.com\/web\/wp-content\/uploads\/2026\/03\/11-03-2026-Acreditacion-VC-Brochero-2-1024x683.jpg 1024w, https:\/\/labrocherianaperegrinacion.com\/web\/wp-content\/uploads\/2026\/03\/11-03-2026-Acreditacion-VC-Brochero-2-300x200.jpg 300w, https:\/\/labrocherianaperegrinacion.com\/web\/wp-content\/uploads\/2026\/03\/11-03-2026-Acreditacion-VC-Brochero-2-768x512.jpg 768w, https:\/\/labrocherianaperegrinacion.com\/web\/wp-content\/uploads\/2026\/03\/11-03-2026-Acreditacion-VC-Brochero-2-1536x1024.jpg 1536w, https:\/\/labrocherianaperegrinacion.com\/web\/wp-content\/uploads\/2026\/03\/11-03-2026-Acreditacion-VC-Brochero-2-2048x1365.jpg 2048w\" sizes=\"auto, (max-width: 1024px) 100vw, 1024px\" \/><\/a><\/figure>\n\n\n\n<figure class=\"wp-block-image size-large\"><a href=\"https:\/\/labrocherianaperegrinacion.com\/web\/wp-content\/uploads\/2026\/03\/HJL0014.JPG-scaled.jpeg\"><img loading=\"lazy\" decoding=\"async\" width=\"1024\" height=\"683\" src=\"https:\/\/labrocherianaperegrinacion.com\/web\/wp-content\/uploads\/2026\/03\/HJL0014.JPG-1024x683.jpeg\" alt=\"\" class=\"wp-image-149\" srcset=\"https:\/\/labrocherianaperegrinacion.com\/web\/wp-content\/uploads\/2026\/03\/HJL0014.JPG-1024x683.jpeg 1024w, https:\/\/labrocherianaperegrinacion.com\/web\/wp-content\/uploads\/2026\/03\/HJL0014.JPG-300x200.jpeg 300w, https:\/\/labrocherianaperegrinacion.com\/web\/wp-content\/uploads\/2026\/03\/HJL0014.JPG-768x512.jpeg 768w, https:\/\/labrocherianaperegrinacion.com\/web\/wp-content\/uploads\/2026\/03\/HJL0014.JPG-1536x1024.jpeg 1536w, https:\/\/labrocherianaperegrinacion.com\/web\/wp-content\/uploads\/2026\/03\/HJL0014.JPG-2048x1365.jpeg 2048w\" sizes=\"auto, (max-width: 1024px) 100vw, 1024px\" \/><\/a><\/figure>\n\n\n\n<p>En esta <strong>30.\u00aa edici\u00f3n<\/strong>, decenas de personas integran el equipo de <strong>apoyo, gu\u00edas y log\u00edstica<\/strong>, cumpliendo un rol fundamental a lo largo de todo el recorrido. Son quienes coordinan la organizaci\u00f3n diaria, acompa\u00f1an a los caminantes y cabalgantes, preparan las postas de descanso y est\u00e1n atentos a cada detalle para que los peregrinos puedan concentrarse en lo m\u00e1s importante: vivir el camino con fe.<\/p>\n\n\n\n<p>Los <strong>gu\u00edas de peregrinaci\u00f3n<\/strong> cumplen una tarea clave, marcando el ritmo del recorrido y acompa\u00f1ando a los grupos en cada tramo del camino. Con conocimiento del terreno y esp\u00edritu de servicio, orientan a los peregrinos y ayudan a mantener la organizaci\u00f3n durante las jornadas de marcha.<\/p>\n\n\n\n<figure class=\"wp-block-image size-large\"><a href=\"https:\/\/labrocherianaperegrinacion.com\/web\/wp-content\/uploads\/2026\/03\/HJL0711-scaled.jpg\"><img loading=\"lazy\" decoding=\"async\" width=\"1024\" height=\"683\" src=\"https:\/\/labrocherianaperegrinacion.com\/web\/wp-content\/uploads\/2026\/03\/HJL0711-1024x683.jpg\" alt=\"\" class=\"wp-image-164\" srcset=\"https:\/\/labrocherianaperegrinacion.com\/web\/wp-content\/uploads\/2026\/03\/HJL0711-1024x683.jpg 1024w, https:\/\/labrocherianaperegrinacion.com\/web\/wp-content\/uploads\/2026\/03\/HJL0711-300x200.jpg 300w, https:\/\/labrocherianaperegrinacion.com\/web\/wp-content\/uploads\/2026\/03\/HJL0711-768x512.jpg 768w, https:\/\/labrocherianaperegrinacion.com\/web\/wp-content\/uploads\/2026\/03\/HJL0711-1536x1024.jpg 1536w, https:\/\/labrocherianaperegrinacion.com\/web\/wp-content\/uploads\/2026\/03\/HJL0711-2048x1365.jpg 2048w\" sizes=\"auto, (max-width: 1024px) 100vw, 1024px\" \/><\/a><\/figure>\n\n\n\n<figure class=\"wp-block-image size-large\"><a href=\"https:\/\/labrocherianaperegrinacion.com\/web\/wp-content\/uploads\/2026\/03\/HJL0589-scaled.jpg\"><img loading=\"lazy\" decoding=\"async\" width=\"1024\" height=\"683\" src=\"https:\/\/labrocherianaperegrinacion.com\/web\/wp-content\/uploads\/2026\/03\/HJL0589-1024x683.jpg\" alt=\"\" class=\"wp-image-163\" srcset=\"https:\/\/labrocherianaperegrinacion.com\/web\/wp-content\/uploads\/2026\/03\/HJL0589-1024x683.jpg 1024w, https:\/\/labrocherianaperegrinacion.com\/web\/wp-content\/uploads\/2026\/03\/HJL0589-300x200.jpg 300w, https:\/\/labrocherianaperegrinacion.com\/web\/wp-content\/uploads\/2026\/03\/HJL0589-768x512.jpg 768w, https:\/\/labrocherianaperegrinacion.com\/web\/wp-content\/uploads\/2026\/03\/HJL0589-1536x1024.jpg 1536w, https:\/\/labrocherianaperegrinacion.com\/web\/wp-content\/uploads\/2026\/03\/HJL0589-2048x1365.jpg 2048w\" sizes=\"auto, (max-width: 1024px) 100vw, 1024px\" \/><\/a><\/figure>\n\n\n\n<figure class=\"wp-block-image size-large\"><a href=\"https:\/\/labrocherianaperegrinacion.com\/web\/wp-content\/uploads\/2026\/03\/HJL0801-scaled.jpg\"><img loading=\"lazy\" decoding=\"async\" width=\"1024\" height=\"683\" src=\"https:\/\/labrocherianaperegrinacion.com\/web\/wp-content\/uploads\/2026\/03\/HJL0801-1024x683.jpg\" alt=\"\" class=\"wp-image-165\" srcset=\"https:\/\/labrocherianaperegrinacion.com\/web\/wp-content\/uploads\/2026\/03\/HJL0801-1024x683.jpg 1024w, https:\/\/labrocherianaperegrinacion.com\/web\/wp-content\/uploads\/2026\/03\/HJL0801-300x200.jpg 300w, https:\/\/labrocherianaperegrinacion.com\/web\/wp-content\/uploads\/2026\/03\/HJL0801-768x512.jpg 768w, https:\/\/labrocherianaperegrinacion.com\/web\/wp-content\/uploads\/2026\/03\/HJL0801-1536x1024.jpg 1536w, https:\/\/labrocherianaperegrinacion.com\/web\/wp-content\/uploads\/2026\/03\/HJL0801-2048x1365.jpg 2048w\" sizes=\"auto, (max-width: 1024px) 100vw, 1024px\" \/><\/a><\/figure>\n\n\n\n<p>Por su parte, el equipo de <strong>log\u00edstica<\/strong> se encarga de tareas indispensables: traslado de equipaje, preparaci\u00f3n de espacios de descanso, asistencia durante las paradas y coordinaci\u00f3n con los servicios de apoyo que acompa\u00f1an la peregrinaci\u00f3n. Su trabajo comienza mucho antes de que los peregrinos den el primer paso y contin\u00faa hasta el final del recorrido.<\/p>\n\n\n\n<p>A este gran esfuerzo se suma tambi\u00e9n el acompa\u00f1amiento de <strong>sanidad, bomberos voluntarios y fuerzas de seguridad<\/strong>, que brindan respaldo permanente para garantizar el cuidado de todos los participantes durante los d\u00edas de peregrinaci\u00f3n.<\/p>\n\n\n\n<figure class=\"wp-block-image size-large\"><a href=\"https:\/\/labrocherianaperegrinacion.com\/web\/wp-content\/uploads\/2026\/03\/651009588_1332269872260715_2727318183551786879_n.jpg\"><img loading=\"lazy\" decoding=\"async\" width=\"1024\" height=\"1024\" src=\"https:\/\/labrocherianaperegrinacion.com\/web\/wp-content\/uploads\/2026\/03\/651009588_1332269872260715_2727318183551786879_n-1024x1024.jpg\" alt=\"\" class=\"wp-image-162\" srcset=\"https:\/\/labrocherianaperegrinacion.com\/web\/wp-content\/uploads\/2026\/03\/651009588_1332269872260715_2727318183551786879_n-1024x1024.jpg 1024w, https:\/\/labrocherianaperegrinacion.com\/web\/wp-content\/uploads\/2026\/03\/651009588_1332269872260715_2727318183551786879_n-300x300.jpg 300w, https:\/\/labrocherianaperegrinacion.com\/web\/wp-content\/uploads\/2026\/03\/651009588_1332269872260715_2727318183551786879_n-150x150.jpg 150w, https:\/\/labrocherianaperegrinacion.com\/web\/wp-content\/uploads\/2026\/03\/651009588_1332269872260715_2727318183551786879_n-768x768.jpg 768w, https:\/\/labrocherianaperegrinacion.com\/web\/wp-content\/uploads\/2026\/03\/651009588_1332269872260715_2727318183551786879_n-1536x1536.jpg 1536w, https:\/\/labrocherianaperegrinacion.com\/web\/wp-content\/uploads\/2026\/03\/651009588_1332269872260715_2727318183551786879_n.jpg 1600w\" sizes=\"auto, (max-width: 1024px) 100vw, 1024px\" \/><\/a><\/figure>\n\n\n\n<figure class=\"wp-block-image size-large\"><a href=\"https:\/\/labrocherianaperegrinacion.com\/web\/wp-content\/uploads\/2026\/03\/WhatsApp-Image-2026-03-13-at-10.17.15.jpeg\"><img loading=\"lazy\" decoding=\"async\" width=\"1024\" height=\"683\" src=\"https:\/\/labrocherianaperegrinacion.com\/web\/wp-content\/uploads\/2026\/03\/WhatsApp-Image-2026-03-13-at-10.17.15-1024x683.jpeg\" alt=\"\" class=\"wp-image-166\" srcset=\"https:\/\/labrocherianaperegrinacion.com\/web\/wp-content\/uploads\/2026\/03\/WhatsApp-Image-2026-03-13-at-10.17.15-1024x683.jpeg 1024w, https:\/\/labrocherianaperegrinacion.com\/web\/wp-content\/uploads\/2026\/03\/WhatsApp-Image-2026-03-13-at-10.17.15-300x200.jpeg 300w, https:\/\/labrocherianaperegrinacion.com\/web\/wp-content\/uploads\/2026\/03\/WhatsApp-Image-2026-03-13-at-10.17.15-768x512.jpeg 768w, https:\/\/labrocherianaperegrinacion.com\/web\/wp-content\/uploads\/2026\/03\/WhatsApp-Image-2026-03-13-at-10.17.15.jpeg 1280w\" sizes=\"auto, (max-width: 1024px) 100vw, 1024px\" \/><\/a><\/figure>\n\n\n\n<p>Muchas veces su trabajo pasa desapercibido, pero sin ellos el camino no ser\u00eda posible. Son el <strong>equipo silencioso de La Brocheriana<\/strong>, personas que ponen su tiempo, energ\u00eda y vocaci\u00f3n al servicio de una peregrinaci\u00f3n que a\u00f1o tras a\u00f1o crece y fortalece el legado del Cura Gaucho.<\/p>\n\n\n\n<p>Gracias a su compromiso, cada peregrino puede caminar con la tranquilidad de saber que detr\u00e1s de cada jornada hay una gran comunidad cuidando y sosteniendo este camino de fe.<\/p>\n","protected":false},"excerpt":{"rendered":"<p>Detr\u00e1s de cada paso de los peregrinos que recorren los caminos del Santo Cura Brochero, hay un gran equipo humano que trabaja con dedicaci\u00f3n y compromiso para que la experiencia de La Brocheriana se desarrolle de manera segura, organizada y fraterna. En esta 30.\u00aa edici\u00f3n, decenas de personas integran el equipo de apoyo, gu\u00edas y [&hellip;]<\/p>\n","protected":false},"author":2,"featured_media":150,"comment_status":"open","ping_status":"open","sticky":false,"template":"","format":"standard","meta":{"footnotes":""},"categories":[2],"tags":[],"class_list":["post-161","post","type-post","status-publish","format-standard","has-post-thumbnail","hentry","category-la-brocheriana-n30-2026"],"_links":{"self":[{"href":"https:\/\/labrocherianaperegrinacion.com\/web\/wp-json\/wp\/v2\/posts\/161","targetHints":{"allow":["GET"]}}],"collection":[{"href":"https:\/\/labrocherianaperegrinacion.com\/web\/wp-json\/wp\/v2\/posts"}],"about":[{"href":"https:\/\/labrocherianaperegrinacion.com\/web\/wp-json\/wp\/v2\/types\/post"}],"author":[{"embeddable":true,"href":"https:\/\/labrocherianaperegrinacion.com\/web\/wp-json\/wp\/v2\/users\/2"}],"replies":[{"embeddable":true,"href":"https:\/\/labrocherianaperegrinacion.com\/web\/wp-json\/wp\/v2\/comments?post=161"}],"version-history":[{"count":1,"href":"https:\/\/labrocherianaperegrinacion.com\/web\/wp-json\/wp\/v2\/posts\/161\/revisions"}],"predecessor-version":[{"id":167,"href":"https:\/\/labrocherianaperegrinacion.com\/web\/wp-json\/wp\/v2\/posts\/161\/revisions\/167"}],"wp:featuredmedia":[{"embeddable":true,"href":"https:\/\/labrocherianaperegrinacion.com\/web\/wp-json\/wp\/v2\/media\/150"}],"wp:attachment":[{"href":"https:\/\/labrocherianaperegrinacion.com\/web\/wp-json\/wp\/v2\/media?parent=161"}],"wp:term":[{"taxonomy":"category","embeddable":true,"href":"https:\/\/labrocherianaperegrinacion.com\/web\/wp-json\/wp\/v2\/categories?post=161"},{"taxonomy":"post_tag","embeddable":true,"href":"https:\/\/labrocherianaperegrinacion.com\/web\/wp-json\/wp\/v2\/tags?post=161"}],"curies":[{"name":"wp","href":"https:\/\/api.w.org\/{rel}","templated":true}]}}