{"id":334,"date":"2026-03-13T17:08:37","date_gmt":"2026-03-13T20:08:37","guid":{"rendered":"https:\/\/labrocherianaperegrinacion.com\/web\/?p=334"},"modified":"2026-03-13T17:09:14","modified_gmt":"2026-03-13T20:09:14","slug":"los-caminos-del-cura-gaucho-una-travesia-por-las-sierras-cordobesas","status":"publish","type":"post","link":"https:\/\/labrocherianaperegrinacion.com\/web\/los-caminos-del-cura-gaucho-una-travesia-por-las-sierras-cordobesas\/","title":{"rendered":"Los caminos del Cura Gaucho: una traves\u00eda por las sierras cordobesas"},"content":{"rendered":"\n<p>Caminar o cabalgar por las sierras de C\u00f3rdoba siguiendo los pasos del Santo Cura Brochero es mucho m\u00e1s que una experiencia f\u00edsica. Es una traves\u00eda espiritual que revive una historia profundamente arraigada en la identidad del pueblo cordob\u00e9s.<\/p>\n\n\n\n<p>Cada a\u00f1o, cientos de peregrinos se suman a <strong>La Brocheriana<\/strong>, una peregrinaci\u00f3n que recorre antiguos senderos serranos utilizados por Brochero durante su misi\u00f3n pastoral en el siglo XIX.<\/p>\n\n\n\n<h2 class=\"wp-block-heading\">El legado de un sacerdote misionero<\/h2>\n\n\n\n<p>San Jos\u00e9 Gabriel del Rosario Brochero fue un sacerdote que dedic\u00f3 su vida al servicio de los habitantes de Traslasierra.<\/p>\n\n\n\n<p>Montado en su mula, recorr\u00eda largas distancias para visitar enfermos, predicar el Evangelio y acompa\u00f1ar espiritualmente a comunidades aisladas por la geograf\u00eda de las sierras.<\/p>\n\n\n\n<p>Sus viajes eran verdaderas traves\u00edas que implicaban cruzar r\u00edos, monta\u00f1as y caminos dif\u00edciles.<\/p>\n\n\n\n<p>Hoy, esos mismos senderos son recreados por los peregrinos que participan de La Brocheriana, una tradici\u00f3n que naci\u00f3 en la d\u00e9cada de 1990 con el objetivo de redescubrir los caminos hist\u00f3ricos utilizados por el Cura Gaucho.<\/p>\n\n\n\n<h2 class=\"wp-block-heading\">Un recorrido cargado de simbolismo<\/h2>\n\n\n\n<p>El camino atraviesa paisajes serranos \u00fanicos.<\/p>\n\n\n\n<p>Monta\u00f1as, r\u00edos y valles acompa\u00f1an el paso de los peregrinos, que avanzan durante varios d\u00edas siguiendo el antiguo Camino del Peregrino.<\/p>\n\n\n\n<p>Cada etapa representa un desaf\u00edo f\u00edsico y espiritual.<\/p>\n\n\n\n<p>Los peregrinos comparten momentos de oraci\u00f3n, celebraciones religiosas y encuentros comunitarios que fortalecen el sentido de fraternidad.<\/p>\n\n\n\n<h2 class=\"wp-block-heading\">Una experiencia colectiva<\/h2>\n\n\n\n<p>Uno de los aspectos m\u00e1s destacados de La Brocheriana es su car\u00e1cter comunitario.<\/p>\n\n\n\n<p>Durante el camino se forman lazos entre personas que muchas veces no se conoc\u00edan antes de iniciar la peregrinaci\u00f3n.<\/p>\n\n\n\n<p>Se comparten alimentos, historias y momentos de reflexi\u00f3n.<\/p>\n\n\n\n<p>Para muchos, la experiencia se convierte en una oportunidad para desconectarse del ritmo cotidiano y reencontrarse con lo esencial.<\/p>\n\n\n\n<h2 class=\"wp-block-heading\">Naturaleza y espiritualidad<\/h2>\n\n\n\n<p>La traves\u00eda por las sierras tambi\u00e9n permite descubrir la riqueza natural de C\u00f3rdoba.<\/p>\n\n\n\n<p>Los paisajes serranos se transforman en escenario de una peregrinaci\u00f3n que combina espiritualidad, cultura y turismo.<\/p>\n\n\n\n<p>Los r\u00edos y monta\u00f1as que alguna vez fueron recorridos por Brochero contin\u00faan siendo testigos del fervor de quienes siguen su ejemplo.<\/p>\n\n\n\n<h2 class=\"wp-block-heading\">Un legado que sigue vivo<\/h2>\n\n\n\n<p>A m\u00e1s de un siglo de su muerte, el legado del Cura Gaucho sigue inspirando a miles de personas.<\/p>\n\n\n\n<p>La peregrinaci\u00f3n brocheriana se ha convertido en una forma de mantener viva su memoria y transmitir su mensaje de servicio, humildad y compromiso con los m\u00e1s necesitados.<\/p>\n\n\n\n<p>Cada paso del camino recuerda que la fe, cuando se vive con autenticidad, puede transformar comunidades enteras.<\/p>\n\n\n\n<p><\/p>\n","protected":false},"excerpt":{"rendered":"<p>Caminar o cabalgar por las sierras de C\u00f3rdoba siguiendo los pasos del Santo Cura Brochero es mucho m\u00e1s que una experiencia f\u00edsica. Es una traves\u00eda espiritual que revive una historia profundamente arraigada en la identidad del pueblo cordob\u00e9s. Cada a\u00f1o, cientos de peregrinos se suman a La Brocheriana, una peregrinaci\u00f3n que recorre antiguos senderos serranos [&hellip;]<\/p>\n","protected":false},"author":2,"featured_media":337,"comment_status":"open","ping_status":"open","sticky":false,"template":"","format":"standard","meta":{"footnotes":""},"categories":[4],"tags":[],"class_list":["post-334","post","type-post","status-publish","format-standard","has-post-thumbnail","hentry","category-brochero"],"_links":{"self":[{"href":"https:\/\/labrocherianaperegrinacion.com\/web\/wp-json\/wp\/v2\/posts\/334","targetHints":{"allow":["GET"]}}],"collection":[{"href":"https:\/\/labrocherianaperegrinacion.com\/web\/wp-json\/wp\/v2\/posts"}],"about":[{"href":"https:\/\/labrocherianaperegrinacion.com\/web\/wp-json\/wp\/v2\/types\/post"}],"author":[{"embeddable":true,"href":"https:\/\/labrocherianaperegrinacion.com\/web\/wp-json\/wp\/v2\/users\/2"}],"replies":[{"embeddable":true,"href":"https:\/\/labrocherianaperegrinacion.com\/web\/wp-json\/wp\/v2\/comments?post=334"}],"version-history":[{"count":1,"href":"https:\/\/labrocherianaperegrinacion.com\/web\/wp-json\/wp\/v2\/posts\/334\/revisions"}],"predecessor-version":[{"id":336,"href":"https:\/\/labrocherianaperegrinacion.com\/web\/wp-json\/wp\/v2\/posts\/334\/revisions\/336"}],"wp:featuredmedia":[{"embeddable":true,"href":"https:\/\/labrocherianaperegrinacion.com\/web\/wp-json\/wp\/v2\/media\/337"}],"wp:attachment":[{"href":"https:\/\/labrocherianaperegrinacion.com\/web\/wp-json\/wp\/v2\/media?parent=334"}],"wp:term":[{"taxonomy":"category","embeddable":true,"href":"https:\/\/labrocherianaperegrinacion.com\/web\/wp-json\/wp\/v2\/categories?post=334"},{"taxonomy":"post_tag","embeddable":true,"href":"https:\/\/labrocherianaperegrinacion.com\/web\/wp-json\/wp\/v2\/tags?post=334"}],"curies":[{"name":"wp","href":"https:\/\/api.w.org\/{rel}","templated":true}]}}