{"id":338,"date":"2026-03-13T17:11:22","date_gmt":"2026-03-13T20:11:22","guid":{"rendered":"https:\/\/labrocherianaperegrinacion.com\/web\/?p=338"},"modified":"2026-03-13T17:11:22","modified_gmt":"2026-03-13T20:11:22","slug":"la-brocheriana-una-tradicion-que-une-fe-cultura-y-comunidad","status":"publish","type":"post","link":"https:\/\/labrocherianaperegrinacion.com\/web\/la-brocheriana-una-tradicion-que-une-fe-cultura-y-comunidad\/","title":{"rendered":"La Brocheriana: una tradici\u00f3n que une fe, cultura y comunidad"},"content":{"rendered":"\n<p>En las \u00faltimas d\u00e9cadas, La Brocheriana se ha consolidado como una de las peregrinaciones m\u00e1s importantes de la Argentina.<\/p>\n\n\n\n<p>Lo que comenz\u00f3 como una iniciativa para redescubrir los caminos hist\u00f3ricos del Cura Brochero se convirti\u00f3 con el tiempo en un evento que convoca a miles de personas y fortalece la identidad cultural de C\u00f3rdoba.<\/p>\n\n\n\n<h2 class=\"wp-block-heading\">Los or\u00edgenes de la peregrinaci\u00f3n<\/h2>\n\n\n\n<p>La idea de recrear los caminos del Cura Brochero surgi\u00f3 en la d\u00e9cada de 1990, cuando un grupo de investigadores y devotos decidi\u00f3 reconstruir las rutas utilizadas por el sacerdote en sus viajes entre C\u00f3rdoba y Traslasierra.<\/p>\n\n\n\n<p>Para ello se realizaron estudios topogr\u00e1ficos y geogr\u00e1ficos que permitieron identificar los senderos hist\u00f3ricos utilizados por Brochero durante su misi\u00f3n pastoral.<\/p>\n\n\n\n<p>A partir de ese trabajo naci\u00f3 la peregrinaci\u00f3n que hoy se conoce como La Brocheriana.<\/p>\n\n\n\n<h2 class=\"wp-block-heading\">Un evento que crece cada a\u00f1o<\/h2>\n\n\n\n<p>Con el paso del tiempo, la cantidad de participantes fue aumentando.<\/p>\n\n\n\n<p>Hoy la peregrinaci\u00f3n convoca a caminantes, cabalgantes y ciclistas que se animan a recorrer los caminos serranos siguiendo las huellas del santo.<\/p>\n\n\n\n<p>La diversidad de participantes refleja el car\u00e1cter abierto de la peregrinaci\u00f3n.<\/p>\n\n\n\n<p>Personas de distintas edades, profesiones y lugares del pa\u00eds se suman cada a\u00f1o a esta experiencia.<\/p>\n\n\n\n<h2 class=\"wp-block-heading\">Impacto cultural y social<\/h2>\n\n\n\n<p>La Brocheriana tambi\u00e9n genera un importante impacto en las comunidades por donde pasa.<\/p>\n\n\n\n<p>Las localidades serranas se preparan para recibir a los peregrinos con actividades culturales, ferias y celebraciones religiosas.<\/p>\n\n\n\n<p>Este movimiento fortalece el turismo regional y contribuye al desarrollo econ\u00f3mico de las comunidades.<\/p>\n\n\n\n<h2 class=\"wp-block-heading\">Una experiencia que transforma<\/h2>\n\n\n\n<p>M\u00e1s all\u00e1 de su dimensi\u00f3n cultural y tur\u00edstica, La Brocheriana sigue siendo, ante todo, una experiencia espiritual.<\/p>\n\n\n\n<p>Los peregrinos recorren los caminos con la intenci\u00f3n de recordar el ejemplo de un sacerdote que dedic\u00f3 su vida al servicio de los dem\u00e1s.<\/p>\n\n\n\n<p>El Cura Brochero ense\u00f1\u00f3 que la fe se vive caminando junto al pueblo.<\/p>\n\n\n\n<p>Hoy, miles de personas contin\u00faan recorriendo esos mismos caminos, demostrando que su legado sigue m\u00e1s vivo que nunca.<\/p>\n\n\n\n<p><\/p>\n","protected":false},"excerpt":{"rendered":"<p>En las \u00faltimas d\u00e9cadas, La Brocheriana se ha consolidado como una de las peregrinaciones m\u00e1s importantes de la Argentina. Lo que comenz\u00f3 como una iniciativa para redescubrir los caminos hist\u00f3ricos del Cura Brochero se convirti\u00f3 con el tiempo en un evento que convoca a miles de personas y fortalece la identidad cultural de C\u00f3rdoba. Los [&hellip;]<\/p>\n","protected":false},"author":2,"featured_media":50,"comment_status":"open","ping_status":"open","sticky":false,"template":"","format":"standard","meta":{"footnotes":""},"categories":[5],"tags":[],"class_list":["post-338","post","type-post","status-publish","format-standard","has-post-thumbnail","hentry","category-la-brocheriana"],"_links":{"self":[{"href":"https:\/\/labrocherianaperegrinacion.com\/web\/wp-json\/wp\/v2\/posts\/338","targetHints":{"allow":["GET"]}}],"collection":[{"href":"https:\/\/labrocherianaperegrinacion.com\/web\/wp-json\/wp\/v2\/posts"}],"about":[{"href":"https:\/\/labrocherianaperegrinacion.com\/web\/wp-json\/wp\/v2\/types\/post"}],"author":[{"embeddable":true,"href":"https:\/\/labrocherianaperegrinacion.com\/web\/wp-json\/wp\/v2\/users\/2"}],"replies":[{"embeddable":true,"href":"https:\/\/labrocherianaperegrinacion.com\/web\/wp-json\/wp\/v2\/comments?post=338"}],"version-history":[{"count":1,"href":"https:\/\/labrocherianaperegrinacion.com\/web\/wp-json\/wp\/v2\/posts\/338\/revisions"}],"predecessor-version":[{"id":339,"href":"https:\/\/labrocherianaperegrinacion.com\/web\/wp-json\/wp\/v2\/posts\/338\/revisions\/339"}],"wp:featuredmedia":[{"embeddable":true,"href":"https:\/\/labrocherianaperegrinacion.com\/web\/wp-json\/wp\/v2\/media\/50"}],"wp:attachment":[{"href":"https:\/\/labrocherianaperegrinacion.com\/web\/wp-json\/wp\/v2\/media?parent=338"}],"wp:term":[{"taxonomy":"category","embeddable":true,"href":"https:\/\/labrocherianaperegrinacion.com\/web\/wp-json\/wp\/v2\/categories?post=338"},{"taxonomy":"post_tag","embeddable":true,"href":"https:\/\/labrocherianaperegrinacion.com\/web\/wp-json\/wp\/v2\/tags?post=338"}],"curies":[{"name":"wp","href":"https:\/\/api.w.org\/{rel}","templated":true}]}}