{"id":343,"date":"2026-03-14T01:14:02","date_gmt":"2026-03-14T04:14:02","guid":{"rendered":"https:\/\/labrocherianaperegrinacion.com\/web\/?p=343"},"modified":"2026-03-14T01:14:02","modified_gmt":"2026-03-14T04:14:02","slug":"miles-de-fieles-renuevan-su-devocion-en-las-celebraciones-brocherianas","status":"publish","type":"post","link":"https:\/\/labrocherianaperegrinacion.com\/web\/miles-de-fieles-renuevan-su-devocion-en-las-celebraciones-brocherianas\/","title":{"rendered":"Miles de fieles renuevan su devoci\u00f3n en las celebraciones brocherianas"},"content":{"rendered":"\n<p>En distintas regiones de Argentina, la figura de <strong>San Jos\u00e9 Gabriel del Rosario Brochero<\/strong>, conocido como el \u201cCura Gaucho\u201d, vuelve a convocar a miles de fieles que participan en peregrinaciones, celebraciones lit\u00fargicas y actividades pastorales inspiradas en su legado.<\/p>\n\n\n\n<p>Durante estos d\u00edas, numerosas comunidades cat\u00f3licas han organizado encuentros y peregrinaciones para recordar la vida y la obra del santo cordob\u00e9s, cuya espiritualidad contin\u00faa marcando la vida religiosa de muchas personas. Estas iniciativas forman parte de una agenda m\u00e1s amplia de celebraciones vinculadas al aniversario de su nacimiento y a las festividades religiosas que se realizan en torno a su figura.<\/p>\n\n\n\n<h2 class=\"wp-block-heading\">Una fe que sigue creciendo<\/h2>\n\n\n\n<p>La devoci\u00f3n al Cura Brochero no deja de expandirse. Cada a\u00f1o se suman nuevos peregrinos que buscan conocer m\u00e1s sobre la vida de este sacerdote que dedic\u00f3 su existencia al servicio de los m\u00e1s pobres en las sierras de C\u00f3rdoba.<\/p>\n\n\n\n<p>Brochero fue un sacerdote profundamente comprometido con su pueblo. En el siglo XIX recorr\u00eda largos caminos a lomo de mula para visitar enfermos, llevar los sacramentos y organizar ejercicios espirituales que transformaron la vida religiosa de la regi\u00f3n.<\/p>\n\n\n\n<p>Hoy, su ejemplo contin\u00faa inspirando a creyentes de todas las edades.<\/p>\n\n\n\n<h2 class=\"wp-block-heading\">Un modelo de Iglesia cercana al pueblo<\/h2>\n\n\n\n<p>Muchos sacerdotes y l\u00edderes pastorales destacan que el legado de Brochero sigue siendo actual porque representa una Iglesia cercana a la gente.<\/p>\n\n\n\n<p>Durante las celebraciones de estos d\u00edas, varios obispos y sacerdotes han recordado que el Cura Gaucho fue un verdadero pastor que caminaba junto a su pueblo, compartiendo sus dificultades y llevando esperanza a quienes m\u00e1s lo necesitaban.<\/p>\n\n\n\n<p>Su figura tambi\u00e9n es considerada un ejemplo de evangelizaci\u00f3n en contextos rurales y de compromiso social.<\/p>\n\n\n\n<h2 class=\"wp-block-heading\">Celebraciones que unen fe y comunidad<\/h2>\n\n\n\n<p>Las celebraciones brocherianas incluyen misas, peregrinaciones, momentos de oraci\u00f3n comunitaria y actividades culturales que buscan difundir su legado.<\/p>\n\n\n\n<p>Estas jornadas se viven con un clima de profunda espiritualidad y fraternidad, donde los fieles recuerdan el mensaje del santo cordob\u00e9s y renuevan su compromiso con la fe.<\/p>\n\n\n\n<p>Para muchos participantes, estas celebraciones representan una oportunidad para agradecer favores recibidos, pedir por sus familias o simplemente reencontrarse con la espiritualidad.<\/p>\n\n\n\n<h2 class=\"wp-block-heading\">Un santo profundamente argentino<\/h2>\n\n\n\n<p>Desde su canonizaci\u00f3n en 2016, el Cura Brochero se ha convertido en una de las figuras religiosas m\u00e1s queridas de la Argentina.<\/p>\n\n\n\n<p>Su vida sencilla, su cercan\u00eda con la gente y su entrega pastoral lo transformaron en un s\u00edmbolo de fe popular que sigue inspirando a miles de personas.<\/p>\n\n\n\n<p>En cada peregrinaci\u00f3n, en cada misa y en cada oraci\u00f3n, el esp\u00edritu del Cura Gaucho sigue presente, recordando que la santidad tambi\u00e9n se construye en el camino cotidiano.<\/p>\n\n\n\n<p><\/p>\n","protected":false},"excerpt":{"rendered":"<p>En distintas regiones de Argentina, la figura de San Jos\u00e9 Gabriel del Rosario Brochero, conocido como el \u201cCura Gaucho\u201d, vuelve a convocar a miles de fieles que participan en peregrinaciones, celebraciones lit\u00fargicas y actividades pastorales inspiradas en su legado. Durante estos d\u00edas, numerosas comunidades cat\u00f3licas han organizado encuentros y peregrinaciones para recordar la vida y [&hellip;]<\/p>\n","protected":false},"author":2,"featured_media":39,"comment_status":"open","ping_status":"open","sticky":false,"template":"","format":"standard","meta":{"footnotes":""},"categories":[4],"tags":[],"class_list":["post-343","post","type-post","status-publish","format-standard","has-post-thumbnail","hentry","category-brochero"],"_links":{"self":[{"href":"https:\/\/labrocherianaperegrinacion.com\/web\/wp-json\/wp\/v2\/posts\/343","targetHints":{"allow":["GET"]}}],"collection":[{"href":"https:\/\/labrocherianaperegrinacion.com\/web\/wp-json\/wp\/v2\/posts"}],"about":[{"href":"https:\/\/labrocherianaperegrinacion.com\/web\/wp-json\/wp\/v2\/types\/post"}],"author":[{"embeddable":true,"href":"https:\/\/labrocherianaperegrinacion.com\/web\/wp-json\/wp\/v2\/users\/2"}],"replies":[{"embeddable":true,"href":"https:\/\/labrocherianaperegrinacion.com\/web\/wp-json\/wp\/v2\/comments?post=343"}],"version-history":[{"count":1,"href":"https:\/\/labrocherianaperegrinacion.com\/web\/wp-json\/wp\/v2\/posts\/343\/revisions"}],"predecessor-version":[{"id":344,"href":"https:\/\/labrocherianaperegrinacion.com\/web\/wp-json\/wp\/v2\/posts\/343\/revisions\/344"}],"wp:featuredmedia":[{"embeddable":true,"href":"https:\/\/labrocherianaperegrinacion.com\/web\/wp-json\/wp\/v2\/media\/39"}],"wp:attachment":[{"href":"https:\/\/labrocherianaperegrinacion.com\/web\/wp-json\/wp\/v2\/media?parent=343"}],"wp:term":[{"taxonomy":"category","embeddable":true,"href":"https:\/\/labrocherianaperegrinacion.com\/web\/wp-json\/wp\/v2\/categories?post=343"},{"taxonomy":"post_tag","embeddable":true,"href":"https:\/\/labrocherianaperegrinacion.com\/web\/wp-json\/wp\/v2\/tags?post=343"}],"curies":[{"name":"wp","href":"https:\/\/api.w.org\/{rel}","templated":true}]}}