{"id":345,"date":"2026-03-14T01:17:58","date_gmt":"2026-03-14T04:17:58","guid":{"rendered":"https:\/\/labrocherianaperegrinacion.com\/web\/?p=345"},"modified":"2026-03-14T01:17:58","modified_gmt":"2026-03-14T04:17:58","slug":"peregrinaciones-brocherianas-se-multiplican-en-distintas-diocesis-del-pais","status":"publish","type":"post","link":"https:\/\/labrocherianaperegrinacion.com\/web\/peregrinaciones-brocherianas-se-multiplican-en-distintas-diocesis-del-pais\/","title":{"rendered":"Peregrinaciones brocherianas se multiplican en distintas di\u00f3cesis del pa\u00eds"},"content":{"rendered":"\n<p>La devoci\u00f3n a <strong>San Jos\u00e9 Gabriel del Rosario Brochero<\/strong> contin\u00faa creciendo en distintas di\u00f3cesis de Argentina, donde comunidades enteras se organizan para realizar peregrinaciones y encuentros religiosos inspirados en su espiritualidad.<\/p>\n\n\n\n<p>Uno de los ejemplos m\u00e1s recientes se vivi\u00f3 en la di\u00f3cesis de Quilmes, donde cientos de fieles participaron de una nueva edici\u00f3n de la peregrinaci\u00f3n brocheriana que se realiza cada a\u00f1o en honor al santo cordob\u00e9s.<\/p>\n\n\n\n<h2 class=\"wp-block-heading\">Una peregrinaci\u00f3n marcada por la oraci\u00f3n<\/h2>\n\n\n\n<p>La jornada estuvo marcada por momentos de oraci\u00f3n, reflexi\u00f3n y fraternidad entre los participantes.<\/p>\n\n\n\n<p>Los peregrinos caminaron juntos recordando las ense\u00f1anzas del Cura Gaucho y meditando sobre su mensaje de esperanza. El lema elegido para esta edici\u00f3n fue una frase profundamente brocheriana: <em>\u201cDios no dejar\u00e1 caer al suelo las l\u00e1grimas de sus hijos\u201d<\/em>.<\/p>\n\n\n\n<p>Esta expresi\u00f3n refleja la profunda confianza en Dios que caracteriz\u00f3 la vida del sacerdote cordob\u00e9s.<\/p>\n\n\n\n<h2 class=\"wp-block-heading\">El legado que inspira a nuevas generaciones<\/h2>\n\n\n\n<p>Durante la peregrinaci\u00f3n participaron familias completas, j\u00f3venes, adultos mayores y grupos parroquiales que se sumaron a esta experiencia espiritual.<\/p>\n\n\n\n<p>Muchos de ellos manifestaron que el ejemplo del Cura Brochero sigue siendo una fuente de inspiraci\u00f3n para vivir la fe de manera concreta y comprometida con los dem\u00e1s.<\/p>\n\n\n\n<p>La caminata tambi\u00e9n se transform\u00f3 en un espacio de encuentro entre comunidades, fortaleciendo los lazos entre parroquias y movimientos pastorales.<\/p>\n\n\n\n<h2 class=\"wp-block-heading\">Brochero, un santo cercano al pueblo<\/h2>\n\n\n\n<p>La popularidad de Brochero radica en su cercan\u00eda con la gente.<\/p>\n\n\n\n<p>Su historia de vida muestra a un sacerdote que no dud\u00f3 en atravesar monta\u00f1as, r\u00edos y caminos dif\u00edciles para acompa\u00f1ar espiritualmente a su pueblo.<\/p>\n\n\n\n<p>Esa actitud de servicio sigue siendo uno de los aspectos m\u00e1s valorados de su figura.<\/p>\n\n\n\n<h2 class=\"wp-block-heading\">Una devoci\u00f3n que trasciende C\u00f3rdoba<\/h2>\n\n\n\n<p>Aunque su vida estuvo profundamente ligada a las sierras cordobesas, la devoci\u00f3n al Cura Brochero se ha extendido a todo el pa\u00eds.<\/p>\n\n\n\n<p>Hoy existen parroquias, grupos de oraci\u00f3n y peregrinaciones dedicadas a su figura en distintas provincias argentinas.<\/p>\n\n\n\n<p>Estas iniciativas demuestran que el legado del Cura Gaucho sigue vivo y contin\u00faa inspirando a nuevas generaciones de creyentes.<\/p>\n\n\n\n<h2 class=\"wp-block-heading\">Caminar con Brochero<\/h2>\n\n\n\n<p>Para muchos fieles, participar en una peregrinaci\u00f3n brocheriana significa algo m\u00e1s que recorrer un camino.<\/p>\n\n\n\n<p>Es una manera de acercarse a Dios, de reflexionar sobre la propia vida y de redescubrir el valor de la fe compartida.<\/p>\n\n\n\n<p>Siguiendo las huellas del Cura Gaucho, miles de personas contin\u00faan caminando cada a\u00f1o, convencidas de que el mensaje de Brochero sigue iluminando el camino de la Iglesia en Argentina.<\/p>\n\n\n\n<p><\/p>\n","protected":false},"excerpt":{"rendered":"<p>La devoci\u00f3n a San Jos\u00e9 Gabriel del Rosario Brochero contin\u00faa creciendo en distintas di\u00f3cesis de Argentina, donde comunidades enteras se organizan para realizar peregrinaciones y encuentros religiosos inspirados en su espiritualidad. Uno de los ejemplos m\u00e1s recientes se vivi\u00f3 en la di\u00f3cesis de Quilmes, donde cientos de fieles participaron de una nueva edici\u00f3n de la [&hellip;]<\/p>\n","protected":false},"author":2,"featured_media":270,"comment_status":"open","ping_status":"open","sticky":false,"template":"","format":"standard","meta":{"footnotes":""},"categories":[4,5],"tags":[],"class_list":["post-345","post","type-post","status-publish","format-standard","has-post-thumbnail","hentry","category-brochero","category-la-brocheriana"],"_links":{"self":[{"href":"https:\/\/labrocherianaperegrinacion.com\/web\/wp-json\/wp\/v2\/posts\/345","targetHints":{"allow":["GET"]}}],"collection":[{"href":"https:\/\/labrocherianaperegrinacion.com\/web\/wp-json\/wp\/v2\/posts"}],"about":[{"href":"https:\/\/labrocherianaperegrinacion.com\/web\/wp-json\/wp\/v2\/types\/post"}],"author":[{"embeddable":true,"href":"https:\/\/labrocherianaperegrinacion.com\/web\/wp-json\/wp\/v2\/users\/2"}],"replies":[{"embeddable":true,"href":"https:\/\/labrocherianaperegrinacion.com\/web\/wp-json\/wp\/v2\/comments?post=345"}],"version-history":[{"count":1,"href":"https:\/\/labrocherianaperegrinacion.com\/web\/wp-json\/wp\/v2\/posts\/345\/revisions"}],"predecessor-version":[{"id":346,"href":"https:\/\/labrocherianaperegrinacion.com\/web\/wp-json\/wp\/v2\/posts\/345\/revisions\/346"}],"wp:featuredmedia":[{"embeddable":true,"href":"https:\/\/labrocherianaperegrinacion.com\/web\/wp-json\/wp\/v2\/media\/270"}],"wp:attachment":[{"href":"https:\/\/labrocherianaperegrinacion.com\/web\/wp-json\/wp\/v2\/media?parent=345"}],"wp:term":[{"taxonomy":"category","embeddable":true,"href":"https:\/\/labrocherianaperegrinacion.com\/web\/wp-json\/wp\/v2\/categories?post=345"},{"taxonomy":"post_tag","embeddable":true,"href":"https:\/\/labrocherianaperegrinacion.com\/web\/wp-json\/wp\/v2\/tags?post=345"}],"curies":[{"name":"wp","href":"https:\/\/api.w.org\/{rel}","templated":true}]}}