{"id":597,"date":"2026-03-18T10:36:27","date_gmt":"2026-03-18T13:36:27","guid":{"rendered":"https:\/\/labrocherianaperegrinacion.com\/web\/?p=597"},"modified":"2026-03-18T10:38:05","modified_gmt":"2026-03-18T13:38:05","slug":"la-fe-en-el-cura-brochero-trasciende-fronteras-y-llega-a-la-prensa-catolica-internacional","status":"publish","type":"post","link":"https:\/\/labrocherianaperegrinacion.com\/web\/la-fe-en-el-cura-brochero-trasciende-fronteras-y-llega-a-la-prensa-catolica-internacional\/","title":{"rendered":"La fe en el Cura Brochero trasciende fronteras y llega a la prensa cat\u00f3lica internacional"},"content":{"rendered":"\n<p>La profunda devoci\u00f3n que cada a\u00f1o convoca a miles de fieles en torno al <strong>Santo Cura Brochero<\/strong> volvi\u00f3 a tener eco m\u00e1s all\u00e1 de las fronteras argentinas. En el marco del <strong>186\u00b0 aniversario de su nacimiento<\/strong>, la celebraci\u00f3n en su honor y el movimiento de peregrinos \u2014entre ellos los de La Brocheriana\u2014 despertaron el inter\u00e9s de la prensa cat\u00f3lica internacional.<\/p>\n\n\n\n<p>El reconocido medio <a href=\"https:\/\/www.aciprensa.com\/\" data-type=\"link\" data-id=\"https:\/\/www.aciprensa.com\/\">ACI Prensa<\/a> public\u00f3 recientemente una nota destacando c\u00f3mo Argentina vivi\u00f3 esta fecha tan significativa \u201ccon el anhelo de caminar juntos en la fe\u201d, reflejando la magnitud espiritual y social de esta convocatoria.<\/p>\n\n\n\n<p>Revisa su art\u00edculo en el link <a href=\"https:\/\/www.aciprensa.com\/noticias\/123177\/con-el-anhelo-de-caminar-juntos-en-la-fe-argentina-celebro-al-santo-cura-brochero\">https:\/\/www.aciprensa.com\/noticias\/123177\/con-el-anhelo-de-caminar-juntos-en-la-fe-argentina-celebro-al-santo-cura-brochero<\/a><\/p>\n\n\n\n<p>Seg\u00fan el art\u00edculo, <strong>miles de peregrinos provenientes de distintos puntos del pa\u00eds y la regi\u00f3n se congregaron en Villa Cura Brochero<\/strong> para participar de las celebraciones centrales, reafirmando la vigencia del mensaje del santo cordob\u00e9s.<\/p>\n\n\n\n<h2 class=\"wp-block-heading\">El Santo, verdadero convocante<\/h2>\n\n\n\n<p>Si bien la Cabalgata Brocheriana forma parte de este gran movimiento de fe, el eje de la convocatoria \u2014como lo refleja la cobertura internacional\u2014 sigue siendo la figura de <strong>Jos\u00e9 Gabriel del Rosario Brochero<\/strong>, el \u201ccura gaucho\u201d, cuya vida estuvo marcada por el servicio a los m\u00e1s humildes y el compromiso con su pueblo.<\/p>\n\n\n\n<p>Las celebraciones lit\u00fargicas, presididas por autoridades eclesi\u00e1sticas y acompa\u00f1adas por una multitud, pusieron en el centro el mensaje del santo: vivir la fe con sencillez, cercan\u00eda y compromiso con los dem\u00e1s.<\/p>\n\n\n\n<h2 class=\"wp-block-heading\">Una manifestaci\u00f3n que crece a\u00f1o a a\u00f1o<\/h2>\n\n\n\n<p>La repercusi\u00f3n internacional no hace m\u00e1s que confirmar lo que se vive en cada edici\u00f3n: la fe en el Cura Brochero sigue creciendo y movilizando corazones. Peregrinaciones como La Brocheriana se integran a este fen\u00f3meno, acompa\u00f1ando un movimiento mucho m\u00e1s amplio que tiene como protagonista al santo y su legado.<\/p>\n\n\n\n<p>En este contexto, la presencia de miles de fieles caminando y cabalgando por los caminos serranos no solo refleja una tradici\u00f3n, sino tambi\u00e9n una expresi\u00f3n viva de espiritualidad que contin\u00faa expandi\u00e9ndose.<\/p>\n\n\n\n<h2 class=\"wp-block-heading\">C\u00f3rdoba, epicentro de la fe brocheriana<\/h2>\n\n\n\n<p>Las celebraciones en Villa Cura Brochero volvieron a consolidar a la regi\u00f3n como epicentro de una de las manifestaciones religiosas m\u00e1s importantes del pa\u00eds.<\/p>\n\n\n\n<p>Desde all\u00ed, y a trav\u00e9s de medios como ACI Prensa, el mensaje del Cura Brochero trasciende fronteras, record\u00e1ndole al mundo que la fe tambi\u00e9n se vive caminando, sirviendo y acompa\u00f1ando.<\/p>\n\n\n\n<p>Porque m\u00e1s all\u00e1 de la magnitud de las peregrinaciones\u2026<br><strong>es el santo quien sigue convocando a su pueblo, ayer, hoy y siempre<\/strong><\/p>\n\n\n\n<p><\/p>\n","protected":false},"excerpt":{"rendered":"<p>La profunda devoci\u00f3n que cada a\u00f1o convoca a miles de fieles en torno al Santo Cura Brochero volvi\u00f3 a tener eco m\u00e1s all\u00e1 de las fronteras argentinas. En el marco del 186\u00b0 aniversario de su nacimiento, la celebraci\u00f3n en su honor y el movimiento de peregrinos \u2014entre ellos los de La Brocheriana\u2014 despertaron el inter\u00e9s [&hellip;]<\/p>\n","protected":false},"author":2,"featured_media":598,"comment_status":"open","ping_status":"open","sticky":false,"template":"","format":"standard","meta":{"footnotes":""},"categories":[4],"tags":[],"class_list":["post-597","post","type-post","status-publish","format-standard","has-post-thumbnail","hentry","category-brochero"],"_links":{"self":[{"href":"https:\/\/labrocherianaperegrinacion.com\/web\/wp-json\/wp\/v2\/posts\/597","targetHints":{"allow":["GET"]}}],"collection":[{"href":"https:\/\/labrocherianaperegrinacion.com\/web\/wp-json\/wp\/v2\/posts"}],"about":[{"href":"https:\/\/labrocherianaperegrinacion.com\/web\/wp-json\/wp\/v2\/types\/post"}],"author":[{"embeddable":true,"href":"https:\/\/labrocherianaperegrinacion.com\/web\/wp-json\/wp\/v2\/users\/2"}],"replies":[{"embeddable":true,"href":"https:\/\/labrocherianaperegrinacion.com\/web\/wp-json\/wp\/v2\/comments?post=597"}],"version-history":[{"count":2,"href":"https:\/\/labrocherianaperegrinacion.com\/web\/wp-json\/wp\/v2\/posts\/597\/revisions"}],"predecessor-version":[{"id":600,"href":"https:\/\/labrocherianaperegrinacion.com\/web\/wp-json\/wp\/v2\/posts\/597\/revisions\/600"}],"wp:featuredmedia":[{"embeddable":true,"href":"https:\/\/labrocherianaperegrinacion.com\/web\/wp-json\/wp\/v2\/media\/598"}],"wp:attachment":[{"href":"https:\/\/labrocherianaperegrinacion.com\/web\/wp-json\/wp\/v2\/media?parent=597"}],"wp:term":[{"taxonomy":"category","embeddable":true,"href":"https:\/\/labrocherianaperegrinacion.com\/web\/wp-json\/wp\/v2\/categories?post=597"},{"taxonomy":"post_tag","embeddable":true,"href":"https:\/\/labrocherianaperegrinacion.com\/web\/wp-json\/wp\/v2\/tags?post=597"}],"curies":[{"name":"wp","href":"https:\/\/api.w.org\/{rel}","templated":true}]}}